[{"@context":"https:\/\/schema.org\/","@type":"Article","@id":"https:\/\/www.karikari.cz\/zahrada-ktera-ma-smysl\/#Article","mainEntityOfPage":"https:\/\/www.karikari.cz\/zahrada-ktera-ma-smysl\/","headline":"Zahrada, kter\u00e1 m\u00e1 smysl","name":"Zahrada, kter\u00e1 m\u00e1 smysl","description":"P\u011bstov\u00e1n\u00ed ovoce a zeleniny bylo charakteristick\u00e9 p\u0159edev\u0161\u00edm pro star\u0161\u00ed generace. Je\u0161t\u011b rodi\u010de a prarodi\u010de sou\u010dasn\u00fdch t\u0159ic\u00e1tn\u00edk\u016f m\u011bli zahradu p\u0159edev\u0161\u00edm na p\u011bstov\u00e1n\u00ed. I kdy\u017e jste na zahrad\u00e1ch na\u0161li i lavi\u010dky, a pozd\u011bji t\u0159eba i stole\u010dek na k\u00e1vu, prim\u00e1rn\u011b byly zahrady ur\u010den\u00e9 k p\u011bstov\u00e1n\u00ed. Od toho lid\u00e9 za\u010dali opou\u0161t\u011bt, proto\u017ee m\u011bli n\u00e1ro\u010dn\u011bj\u0161\u00ed","datePublished":"2025-04-16","dateModified":"2025-04-16","author":{"@type":"Person","@id":"https:\/\/www.karikari.cz\/author\/#Person","name":"","url":"https:\/\/www.karikari.cz\/author\/","identifier":1,"image":{"@type":"ImageObject","@id":"https:\/\/secure.gravatar.com\/avatar\/55e7fbc61e9322b6822dac9bb7a03f27da3135fab89e5bb0463eeaffc32ea652?s=96&d=mm&r=g","url":"https:\/\/secure.gravatar.com\/avatar\/55e7fbc61e9322b6822dac9bb7a03f27da3135fab89e5bb0463eeaffc32ea652?s=96&d=mm&r=g","height":96,"width":96}},"publisher":{"@type":"Organization","name":"karikari.cz","logo":{"@type":"ImageObject","@id":"\/logo.png","url":"\/logo.png","width":600,"height":60}},"image":{"@type":"ImageObject","@id":"https:\/\/www.karikari.cz\/wp-content\/uploads\/greenhouse-2683927_640_10_1.jpg","url":"https:\/\/www.karikari.cz\/wp-content\/uploads\/greenhouse-2683927_640_10_1.jpg","height":0,"width":0},"url":"https:\/\/www.karikari.cz\/zahrada-ktera-ma-smysl\/","about":["Zbo\u017e\u00ed"],"wordCount":428,"articleBody":"         P\u011bstov\u00e1n\u00ed ovoce a zeleniny bylo charakteristick\u00e9 p\u0159edev\u0161\u00edm pro star\u0161\u00ed generace. Je\u0161t\u011b rodi\u010de a prarodi\u010de sou\u010dasn\u00fdch t\u0159ic\u00e1tn\u00edk\u016f m\u011bli zahradu p\u0159edev\u0161\u00edm na p\u011bstov\u00e1n\u00ed. I kdy\u017e jste na zahrad\u00e1ch na\u0161li i lavi\u010dky, a pozd\u011bji t\u0159eba i stole\u010dek na k\u00e1vu, prim\u00e1rn\u011b byly zahrady ur\u010den\u00e9 k p\u011bstov\u00e1n\u00ed. Od toho lid\u00e9 za\u010dali opou\u0161t\u011bt, proto\u017ee m\u011bli n\u00e1ro\u010dn\u011bj\u0161\u00ed zam\u011bstn\u00e1n\u00ed a na pr\u00e1ci na zahrad\u011b m\u011bli st\u00e1le m\u00e9n\u011b \u010dasu. Nav\u00edc si zvykli, \u017ee je mo\u017en\u00e9 \u017e\u00edt tak\u0159ka kdykoliv koupit ovoce i zeleninu v obchod\u011b. V\u011bt\u0161ina lid\u00ed chod\u00ed nakupovat do supermarketu. N\u011bkte\u0159\u00ed lid\u00e9 zast\u00e1vaj\u00ed n\u00e1zor, \u017ee jsou supermarkety ide\u00e1ln\u00ed, proto\u017ee na jednom m\u00edst\u011b je mo\u017en\u00e9 koupit v\u0161echno. Bohu\u017eel kvalita nab\u00edzen\u00fdch produkt\u016f u\u017e d\u00e1vno nen\u00ed tak vysok\u00e1, jak b\u00fdvala. Plat\u00ed to zejm\u00e9na pro ovoce a zeleninu, kter\u00e9 b\u00fdvaj\u00ed pln\u00e9 pesticid\u016f, a rozhodn\u011b nejsou tak v\u00fd\u017eivn\u00e9 jako ty, kter\u00e9 si \u010dlov\u011bk vyp\u011bstuje s\u00e1m doma. I proto stoj\u00ed za \u00favahu, zda by nebylo lep\u0161\u00ed si vyp\u011bstovat alespo\u0148 n\u011bjakou zeleninu, kter\u00e1 v\u00e1m pokryje \u010d\u00e1st spot\u0159eby v l\u00e9t\u011b.Za\u010d\u00e1te\u010dn\u00edci maj\u00ed obavy z toho, \u017ee za\u010d\u00e1tky p\u011bstov\u00e1n\u00ed nezvl\u00e1dnou. Rozhodn\u011b ale nen\u00ed pot\u0159eba m\u00edt obavy, proto\u017ee na p\u011bstov\u00e1n\u00ed nen\u00ed nic t\u011b\u017ek\u00e9ho. Mus\u00edte ale po\u010d\u00edtat s t\u00edm, \u017ee na zahrad\u011b je pot\u0159eba str\u00e1vit ka\u017ed\u00fd t\u00fdden ur\u010dit\u00fd \u010das, abyste v\u0161echno zvl\u00e1dli okopat, vyplet a zal\u00e9vat. Zejm\u00e9na zal\u00e9v\u00e1n\u00ed je nutn\u00e9 dodr\u017eovat ka\u017ed\u00fd den, aby v\u00e1m rostlinky neuschnuly. Je\u0161t\u011b ne\u017e se vrhnete na p\u011bstov\u00e1n\u00ed, mus\u00edte si ujasnit, zda budete cht\u00edt p\u011bstovat pouze na z\u00e1honc\u00edch, anebo zda budete cht\u00edt nap\u0159\u00edklad pa\u0159eni\u0161t\u011b nebo sklen\u00edk. Oboj\u00ed v\u00e1m usnadn\u00ed p\u011bstov\u00e1n\u00ed. Ve sklen\u00edku i pa\u0159eni\u0161ti roste m\u00e9n\u011b plevele, ale to neznamen\u00e1, \u017ee se tam neobjev\u00ed \u017e\u00e1dn\u00e1. Sklen\u00edk je lep\u0161\u00ed v tom, \u017ee ochr\u00e1n\u00ed rostliny jak p\u0159ed horkem, tak p\u0159ed chladem. Pokud v\u00e1s zaj\u00edm\u00e1, kde naj\u00edt sklen\u00edk na prodej, pod\u00edvejte se na n\u00e1\u0161 obchod, kde najdete spoustu druh\u016f sklen\u00edk\u016f vyroben\u00fdch ze sklen\u011bn\u00fdch tabul\u00ed a nebo z polykarbon\u00e1tu.                                                                                                                                                                                                                                                                                                                                                                                          3.9\/5 - (7 votes)        "},{"@context":"https:\/\/schema.org\/","@type":"BreadcrumbList","itemListElement":[{"@type":"ListItem","position":1,"name":"Zahrada, kter\u00e1 m\u00e1 smysl","item":"https:\/\/www.karikari.cz\/zahrada-ktera-ma-smysl\/#breadcrumbitem"}]}]