[{"@context":"https:\/\/schema.org\/","@type":"Article","@id":"https:\/\/www.karikari.cz\/svestka-domaci-je-nam-vsem-dobre-znama\/#Article","mainEntityOfPage":"https:\/\/www.karikari.cz\/svestka-domaci-je-nam-vsem-dobre-znama\/","headline":"\u0160vestka dom\u00e1c\u00ed je n\u00e1m v\u0161em dob\u0159e zn\u00e1m\u00e1","name":"\u0160vestka dom\u00e1c\u00ed je n\u00e1m v\u0161em dob\u0159e zn\u00e1m\u00e1","description":"Ano, a to ji\u017e od 15. stolet\u00ed, jak je p\u00edsemn\u011b potvrzeno v historick\u00fdch dokumentech. Ale historie bude je\u0161t\u011b star\u0161\u00ed, o \u010dem\u017e sv\u011bd\u010d\u00ed vykop\u00e1vky v Mikul\u010dic\u00edch, kde byly jej\u00ed pecky v poh\u0159ebn\u00edch n\u00e1dob\u00e1ch. P\u0159itom je zaj\u00edmav\u00e9, \u017ee pro v\u00fdrobu ovocn\u00fdch destil\u00e1t\u016f se pou\u017e\u00edvalo v dob\u011b minul\u00e9 jen omezen\u00e9 mno\u017estv\u00ed tohoto ovoce.","datePublished":"2020-08-09","dateModified":"2023-05-11","author":{"@type":"Person","@id":"https:\/\/www.karikari.cz\/author\/#Person","name":"","url":"https:\/\/www.karikari.cz\/author\/","identifier":1,"image":{"@type":"ImageObject","@id":"https:\/\/secure.gravatar.com\/avatar\/55e7fbc61e9322b6822dac9bb7a03f27da3135fab89e5bb0463eeaffc32ea652?s=96&d=mm&r=g","url":"https:\/\/secure.gravatar.com\/avatar\/55e7fbc61e9322b6822dac9bb7a03f27da3135fab89e5bb0463eeaffc32ea652?s=96&d=mm&r=g","height":96,"width":96}},"publisher":{"@type":"Organization","name":"karikari.cz","logo":{"@type":"ImageObject","@id":"\/logo.png","url":"\/logo.png","width":600,"height":60}},"image":{"@type":"ImageObject","@id":"https:\/\/www.karikari.cz\/wp-content\/uploads\/slivovice%20na%20zdrav%C3%AD.jpg","url":"https:\/\/www.karikari.cz\/wp-content\/uploads\/slivovice%20na%20zdrav%C3%AD.jpg","height":0,"width":0},"url":"https:\/\/www.karikari.cz\/svestka-domaci-je-nam-vsem-dobre-znama\/","about":["Lifestyle"],"wordCount":393,"articleBody":"   Ano, a to ji\u017e od 15. stolet\u00ed, jak je p\u00edsemn\u011b potvrzeno v historick\u00fdch dokumentech. Ale historie bude je\u0161t\u011b star\u0161\u00ed, o \u010dem\u017e sv\u011bd\u010d\u00ed vykop\u00e1vky v Mikul\u010dic\u00edch, kde byly jej\u00ed pecky v poh\u0159ebn\u00edch n\u00e1dob\u00e1ch. P\u0159itom je zaj\u00edmav\u00e9, \u017ee pro v\u00fdrobu ovocn\u00fdch destil\u00e1t\u016f se pou\u017e\u00edvalo v dob\u011b minul\u00e9 jen omezen\u00e9 mno\u017estv\u00ed tohoto ovoce. Pro\u010d tomu tak bylo? To proto, \u017ee \u0161vestky byly d\u016fle\u017eitou potravinou pro tehdej\u0161\u00ed lid, a to a\u0165 u\u017e v \u010derstv\u00e9m stavu, nebo vyroben\u00e9 na povidla \u010di nasu\u0161en\u00e9 na obdob\u00ed sychrav\u00fdch podzim\u016f a zim. A\u017e koncem 19. stolet\u00ed, kdy byl ji\u017e trh s t\u00edmto ovocem nasycen, se za\u010daly \u0161vestky, nebo tak\u00e9 trnky, jak se jim \u0159\u00edk\u00e1 na Morav\u011b, pou\u017e\u00edvat na v\u00fdrobu slivovice. Pro\u010d zrovna toto ovoce? M\u00e1 toti\u017e vysok\u00fd obsah cukr\u016f, p\u0159itom se nav\u00edc nemus\u00ed p\u0159\u00edli\u0161 sp\u011bchat se sklizn\u00ed, a pokud plody p\u0159ezraj\u00ed, nedoch\u00e1z\u00ed k tomu, \u017ee by zahn\u00edvaly. Nesm\u00ed b\u00fdt ale rozpukan\u00e9. Tak\u017ee \u010d\u00edm d\u00e9le je na strom\u011b, t\u00edm l\u00e9pe pro n\u00e1s konzumenty. V\u00edte pro\u010d je nejzn\u00e1m\u011bj\u0161\u00ed v\u00fdroba slivovice na Morav\u011b? Je to proto, \u017ee v uveden\u00e9m 19. stolet\u00ed konkurence dovozu ovoce postihla pr\u00e1v\u011b moravsk\u00e9 ovocn\u00e1\u0159e, kte\u0159\u00ed najednou nem\u011bli odbyt pro Rakousk\u00e9 zem\u011b, kde se ovoce za\u010dalo dod\u00e1vat z Balk\u00e1nu. A pr\u00e1v\u011b neprodejnost ovocn\u00e1\u0159sk\u00fdch v\u00fdp\u011bstk\u016f, st\u00e1la za touto tradic\u00ed a v\u00fdraznou produkc\u00ed slivovice. Bohu\u017eel, pot\u00e9 p\u0159i\u0161lo, ji\u017e v dal\u0161\u00edm stolet\u00ed, v letech 1928 a 1929 velmi mraziv\u00e9 po\u010das\u00ed, kter\u00e9 bylo pro tyto ovocn\u00e9 stromy pohromou. Nav\u00edc se objevila \u0159ada \u0161k\u016fdc\u016f a nemoc\u00ed, jako jsou puklice a \u0161\u00e1rka, tak\u017ee a\u017e do dne\u0161n\u00ed doby je velk\u00fd pokles tohoto ovoce. Ale nemus\u00edte zoufat, slivovici, tento n\u00e1\u0161 nejzn\u00e1m\u011bj\u0161\u00ed a asi i nejobl\u00edben\u011bj\u0161\u00ed destil\u00e1t m\u016f\u017eete m\u00edt v n\u011bkolika proveden\u00edch. M\u016f\u017ee b\u00fdt z n\u011bkolika odr\u016fd \u0161vestek, nebo jen jedn\u00e9 odr\u016fdy, m\u016f\u017ee m\u00edt tak\u00e9 r\u016fzn\u00e9 aroma, rozd\u00edlnou v\u016fni i chut\u011b. Dokonce nemus\u00ed b\u00fdt ani z tradi\u010dn\u00edch \u0161vestek, takov\u00e9 blumy dodaj\u00ed destil\u00e1tu jedine\u010dnou chu\u0165, n\u011bco mezi lesn\u00edm ovocem a \u0161vestkou.                                                                                                                                                                                                                                                                                                                                                                                           3.8\/5 - (18 votes)        "},{"@context":"https:\/\/schema.org\/","@type":"BreadcrumbList","itemListElement":[{"@type":"ListItem","position":1,"name":"\u0160vestka dom\u00e1c\u00ed je n\u00e1m v\u0161em dob\u0159e zn\u00e1m\u00e1","item":"https:\/\/www.karikari.cz\/svestka-domaci-je-nam-vsem-dobre-znama\/#breadcrumbitem"}]}]