[{"@context":"https:\/\/schema.org\/","@type":"Article","@id":"https:\/\/www.karikari.cz\/obkladame-kamenem-rodinny-dum\/#Article","mainEntityOfPage":"https:\/\/www.karikari.cz\/obkladame-kamenem-rodinny-dum\/","headline":"Obkl\u00e1d\u00e1me kamenem rodinn\u00fd d\u016fm","name":"Obkl\u00e1d\u00e1me kamenem rodinn\u00fd d\u016fm","description":"Kamenn\u00e9 obklady jsou kr\u00e1snou ozdobou rodinn\u00e9ho domu, zvl\u00e1\u0161t\u011b pokud jsou um\u00edst\u011bn\u00e9 na kontrastn\u00ed b\u00edl\u00e9 fas\u00e1d\u011b. Kup\u0159\u00edkladu tak, \u017ee ponech\u00e1te fas\u00e1dn\u00ed om\u00edtku pod\u00e9l cel\u00e9ho domovn\u00edho opl\u00e1\u0161t\u011bn\u00ed a z kamene oblo\u017e\u00edte pouze jej\u00ed \u010d\u00e1st \u2013 roh, v\u00fdklenek, \u010d\u00e1st zdiva pod oknem anebo ark\u00fd\u0159 \u010di okenn\u00ed oblouk. Kombinace kamene a b\u00edl\u00e9 om\u00edtky vytv\u00e1\u0159\u00ed","datePublished":"2025-04-15","dateModified":"2025-04-15","author":{"@type":"Person","@id":"https:\/\/www.karikari.cz\/author\/#Person","name":"","url":"https:\/\/www.karikari.cz\/author\/","identifier":1,"image":{"@type":"ImageObject","@id":"https:\/\/secure.gravatar.com\/avatar\/55e7fbc61e9322b6822dac9bb7a03f27da3135fab89e5bb0463eeaffc32ea652?s=96&d=mm&r=g","url":"https:\/\/secure.gravatar.com\/avatar\/55e7fbc61e9322b6822dac9bb7a03f27da3135fab89e5bb0463eeaffc32ea652?s=96&d=mm&r=g","height":96,"width":96}},"publisher":{"@type":"Organization","name":"karikari.cz","logo":{"@type":"ImageObject","@id":"\/logo.png","url":"\/logo.png","width":600,"height":60}},"image":{"@type":"ImageObject","@id":"https:\/\/www.karikari.cz\/wp-content\/uploads\/iceland-219182_640_2.jpg","url":"https:\/\/www.karikari.cz\/wp-content\/uploads\/iceland-219182_640_2.jpg","height":0,"width":0},"url":"https:\/\/www.karikari.cz\/obkladame-kamenem-rodinny-dum\/","about":["Zbo\u017e\u00ed"],"wordCount":410,"articleBody":"       Kamenn\u00e9 obklady jsou kr\u00e1snou ozdobou rodinn\u00e9ho domu, zvl\u00e1\u0161t\u011b pokud jsou um\u00edst\u011bn\u00e9 na kontrastn\u00ed b\u00edl\u00e9 fas\u00e1d\u011b. Kup\u0159\u00edkladu tak, \u017ee ponech\u00e1te fas\u00e1dn\u00ed om\u00edtku pod\u00e9l cel\u00e9ho domovn\u00edho opl\u00e1\u0161t\u011bn\u00ed a z kamene oblo\u017e\u00edte pouze jej\u00ed \u010d\u00e1st \u2013 roh, v\u00fdklenek, \u010d\u00e1st zdiva pod oknem anebo ark\u00fd\u0159 \u010di okenn\u00ed oblouk. Kombinace kamene a b\u00edl\u00e9 om\u00edtky vytv\u00e1\u0159\u00ed velmi zvl\u00e1\u0161tn\u00ed r\u00e1z, lidsk\u00fd zrak se tu zam\u011b\u0159\u00ed na celkovou koncepci domu a z\u00e1rove\u0148 vn\u00edm\u00e1 ka\u017edi\u010dk\u00fd detail, kter\u00fd um\u00ed jen p\u0159\u00edrodn\u00ed k\u00e1men, jako je kvarcit, \u010dedi\u010d, rula nebo p\u00edskovec. Jak ale ukotvit fas\u00e1dn\u00ed obkladov\u00fd k\u00e1men, kdy\u017e u\u017e m\u00e1te objekt zateplen\u00fd, a pot\u0159ebujete m\u00edt jistotu, \u017ee bude obklad dr\u017eet na sv\u00e9m m\u00edst\u011b i p\u0159es zateplen\u00ed?Porad\u00edme v\u00e1m \u2013 zapome\u0148te na klasick\u00e9 hmo\u017edinky, vruty a podobn\u00e9 stavebn\u00ed prvky, vyu\u017eijte slu\u017eeb kotven\u00ed kamenn\u00e9ho obkladu pomoc\u00ed injekt\u00e1\u017en\u00edch kotev Spiral Anksys. Co si pod t\u00edm m\u00e1me p\u0159edstavit? Injekt\u00e1\u017en\u00ed kotvy Spiral Anksys jsou dut\u00e9 ocelov\u00e9 v\u00e1le\u010dky ze s\u00ed\u0165ovan\u00e9ho plechu. Zd\u00e1nliv\u00e1 drobnost, kterou byste odhozenou n\u011bkde na smeti\u0161ti docela dob\u0159e p\u0159ehl\u00e9dli. P\u0159itom pr\u00e1v\u011b ta plechov\u00e1 s\u00ed\u0165 m\u00e1 z\u00e1sadn\u00ed vliv na pevnost kotevn\u00edho spoje. Jakmile toti\u017e prot\u00e1hnete kotvu p\u0159edvrtanou d\u00edrou a n\u00e1sledn\u011b ji vypln\u00edte mont\u00e1\u017en\u00ed p\u011bnou, p\u011bna pronikne skrze otvory v s\u00edti do v\u0161ech stran a bez probl\u00e9m\u016f se spoj\u00ed se stavebn\u00edm i izola\u010dn\u00edm materi\u00e1lem v okol\u00ed.Vznikl\u00fd spoj pak nejen, \u017ee udr\u017e\u00ed k\u00e1men na zateplen\u00e9 fas\u00e1d\u011b, ale ned\u00e1 \u0161anci pov\u011btrnostn\u00edm vliv\u016fm, \u017ee s n\u00edm budou cloumat a vyvr\u00e1t\u00ed kotvic\u00ed spoj i s fas\u00e1dn\u00edm polystyrenem. Je velmi d\u016fle\u017eit\u00e9 db\u00e1t na to, aby kotevn\u00ed spoj odol\u00e1val zejm\u00e9na siln\u00e9mu v\u011btru, sn\u011bhu, n\u00e1mraze a UV z\u00e1\u0159en\u00ed a aby si poradil i s t\u011b\u017e\u0161\u00edmi druhy kamene nebo d\u0159ev\u011bn\u00e9ho obkladu. Kotven\u00ed kamenn\u00e9ho obkladu se uplatn\u00ed i u prov\u011btr\u00e1van\u00fdch fas\u00e1d, kter\u00e9 se dnes s oblibou stav\u00ed v rodinn\u00fdch domech i rekrea\u010dn\u00edch nemovitostech ve m\u011bstech, na venkov\u011b, v horsk\u00fdch oblastech i v n\u00ed\u017ein\u00e1ch, kde panuj\u00ed rozd\u00edln\u00e9 atmosf\u00e9rick\u00e9 vlivy.                                                                                                                                                                                                                                                                                                                                                                                          3\/5 - (2 votes)        "},{"@context":"https:\/\/schema.org\/","@type":"BreadcrumbList","itemListElement":[{"@type":"ListItem","position":1,"name":"Obkl\u00e1d\u00e1me kamenem rodinn\u00fd d\u016fm","item":"https:\/\/www.karikari.cz\/obkladame-kamenem-rodinny-dum\/#breadcrumbitem"}]}]