[{"@context":"https:\/\/schema.org\/","@type":"Article","@id":"https:\/\/www.karikari.cz\/je-dobre-mit-za-mobilni-dum-celorocni-bydleni\/#Article","mainEntityOfPage":"https:\/\/www.karikari.cz\/je-dobre-mit-za-mobilni-dum-celorocni-bydleni\/","headline":"Je dobr\u00e9 m\u00edt za mobiln\u00ed d\u016fm celoro\u010dn\u00ed bydlen\u00ed","name":"Je dobr\u00e9 m\u00edt za mobiln\u00ed d\u016fm celoro\u010dn\u00ed bydlen\u00ed","description":"Jsou lid\u00e9, kte\u0159\u00ed jsou r\u00e1di na jednom m\u00edst\u011b. Maj\u00ed tam sv\u00e9 ko\u0159eny, znaj\u00ed tam v\u0161echny lidi, maj\u00ed tam zam\u011bstn\u00e1n\u00ed a p\u0159\u00e1tele. A pak jsou takov\u00ed, kte\u0159\u00ed r\u00e1di cestuj\u00ed a prakticky ka\u017edou noc sp\u00ed na jednom m\u00edst\u011b. Pr\u00e1v\u011b pro ty je vhodn\u00e1 novinka, kter\u00e1 se k n\u00e1m dostala ze Spojen\u00fdch st\u00e1t\u016f","datePublished":"2020-07-13","dateModified":"2023-05-11","author":{"@type":"Person","@id":"https:\/\/www.karikari.cz\/author\/#Person","name":"","url":"https:\/\/www.karikari.cz\/author\/","identifier":1,"image":{"@type":"ImageObject","@id":"https:\/\/secure.gravatar.com\/avatar\/55e7fbc61e9322b6822dac9bb7a03f27da3135fab89e5bb0463eeaffc32ea652?s=96&d=mm&r=g","url":"https:\/\/secure.gravatar.com\/avatar\/55e7fbc61e9322b6822dac9bb7a03f27da3135fab89e5bb0463eeaffc32ea652?s=96&d=mm&r=g","height":96,"width":96}},"publisher":{"@type":"Organization","name":"karikari.cz","logo":{"@type":"ImageObject","@id":"\/logo.png","url":"\/logo.png","width":600,"height":60}},"image":{"@type":"ImageObject","@id":"https:\/\/www.karikari.cz\/wp-content\/uploads\/karavan1_3.jpg","url":"https:\/\/www.karikari.cz\/wp-content\/uploads\/karavan1_3.jpg","height":0,"width":0},"url":"https:\/\/www.karikari.cz\/je-dobre-mit-za-mobilni-dum-celorocni-bydleni\/","about":["Finance"],"wordCount":443,"articleBody":"Jsou lid\u00e9, kte\u0159\u00ed jsou r\u00e1di na jednom m\u00edst\u011b. Maj\u00ed tam sv\u00e9 ko\u0159eny, znaj\u00ed tam v\u0161echny lidi, maj\u00ed tam zam\u011bstn\u00e1n\u00ed a p\u0159\u00e1tele. A pak jsou takov\u00ed, kte\u0159\u00ed r\u00e1di cestuj\u00ed a prakticky ka\u017edou noc sp\u00ed na jednom m\u00edst\u011b. Pr\u00e1v\u011b pro ty je vhodn\u00e1 novinka, kter\u00e1 se k n\u00e1m dostala ze Spojen\u00fdch st\u00e1t\u016f Americk\u00fdch, tedy obytn\u00fd p\u0159\u00edv\u011bs.Faktem je, \u017ee za oce\u00e1nem je kultura karavan\u016f mnohem v\u011bt\u0161\u00ed, ne\u017e u n\u00e1s. A je to i pochopiteln\u00e9. Vzd\u00e1lenosti jsou tam podstatn\u011b v\u011bt\u0161\u00ed, a pokud chcete nav\u0161t\u00edvit p\u0159\u00edbuzn\u00e9ho, pak v\u00e1s \u010dek\u00e1 i celodenn\u00ed cesta. Nen\u00ed tedy divu, \u017ee i na cest\u00e1ch cht\u011bj\u00ed m\u00edt ur\u010dit\u00e9 pohodl\u00ed. A to pr\u00e1v\u011b karavany nab\u00edz\u00ed.V z\u00e1sad\u011b se jedn\u00e1 o p\u0159\u00edv\u011bs, kter\u00fd je za\u0159\u00edzen\u00fd tak, aby v n\u011bm bylo mo\u017eno norm\u00e1ln\u011b bydlet. M\u00e1me tam tekouc\u00ed vodu, elekt\u0159inu, postele i ve\u0161ker\u00e9 dal\u0161\u00ed vymo\u017eenosti. Jedin\u00fdm rozd\u00edlem je fakt, \u017ee je mo\u017en\u00e9 s n\u00edm kdykoliv kamkoliv odjet.U n\u00e1s se v\u0161ak zat\u00edm p\u0159\u00edli\u0161 nechytil. Je to jednak kv\u016fli faktu, \u017ee u n\u00e1s p\u0159eci jen nem\u00e1me tak velk\u00e9 vzd\u00e1lenosti mezi jednotliv\u00fdmi m\u011bsty, a za druh\u00e9 tak\u00e9 proto, \u017ee na\u0161e klima tomu nen\u00ed tak naklon\u011bn\u00e9.Mus\u00edme toti\u017e po\u010d\u00edtat s t\u00edm, \u017ee pokud hodl\u00e1me vyu\u017e\u00edvat mobiln\u00ed d\u016fm celoro\u010dn\u00ed, je t\u0159eba se p\u0159ipravit na zimu. A v\u00edme, \u017ee u n\u00e1s teploty dok\u00e1\u017eou v noci klesnout a\u017e k minus dvaceti stup\u0148\u016fm Celsia. To v ji\u017en\u00edch st\u00e1tech Spojen\u00fdch st\u00e1t\u016f, kde je tento trend nejv\u00fdrazn\u011bj\u0161\u00ed, nehroz\u00ed.Probl\u00e9mem zde nen\u00ed ani tak vyt\u00e1p\u011bn\u00ed, kter\u00e9 nen\u00ed p\u0159\u00edli\u0161 t\u011b\u017ek\u00e9 za\u0159\u00eddit, jako fakt, \u017ee budete po n\u011bkolik m\u011bs\u00edc\u016f prakticky uzav\u0159eni uvnit\u0159. A pokud se jedn\u00e1 o v\u00edce\u010dlennou rodinu, pak se m\u016f\u017ee snadno objevit ponorkov\u00e1 nemoc.Nav\u00edc je t\u0159eba zeptat se, zda skute\u010dn\u011b budeme cht\u00edt tak moc cestovat. A nejen v l\u00e9t\u011b, ale i v zim\u011b. A a\u010dkoliv, jak ji\u017e bylo \u0159e\u010deno, vyt\u00e1p\u011bn\u00ed je mo\u017en\u00e9 vy\u0159e\u0161it, av\u0161ak po\u010d\u00edtejte s t\u00edm, \u017ee v\u00e1s bude n\u011bco st\u00e1t.Z\u00e1le\u017e\u00ed tedy jen na v\u00e1s, jak se rozhodnete, av\u0161ak m\u011bjte na pam\u011bti, \u017ee je nutn\u00e9 po\u010d\u00edtat se v\u0161emi eventualitami. Jen tak nebudete litovat.                                                                                                                                                                                                                                                                                                                                                                                         4.5\/5 - (2 votes)        "},{"@context":"https:\/\/schema.org\/","@type":"BreadcrumbList","itemListElement":[{"@type":"ListItem","position":1,"name":"Je dobr\u00e9 m\u00edt za mobiln\u00ed d\u016fm celoro\u010dn\u00ed bydlen\u00ed","item":"https:\/\/www.karikari.cz\/je-dobre-mit-za-mobilni-dum-celorocni-bydleni\/#breadcrumbitem"}]}]