[{"@context":"https:\/\/schema.org\/","@type":"Article","@id":"https:\/\/www.karikari.cz\/dejte-stop-slunci\/#Article","mainEntityOfPage":"https:\/\/www.karikari.cz\/dejte-stop-slunci\/","headline":"Dejte stop slunci","name":"Dejte stop slunci","description":"Nem\u00e1te r\u00e1di ten nep\u0159\u00edjemn\u00fd pocit, kdy\u017e jste v podve\u010der osln\u011bni sluncem? Cht\u011bli byste tento probl\u00e9m vy\u0159e\u0161it a tak r\u00e1di podstoup\u00edte n\u011bjakou investici? Ka\u017ed\u00fd, kdo m\u00e1 n\u011bjak\u00fd v\u016fz, by jist\u011b cht\u011bl, aby jeho auto bylo to nejlep\u0161\u00ed. Ka\u017ed\u00fd si to v nyn\u011bj\u0161\u00ed dob\u011b m\u016f\u017ee za\u0159\u00eddit, a to d\u00edky skv\u011bl\u00fdm foli\u00edm na","datePublished":"2025-08-30","dateModified":"2025-08-30","author":{"@type":"Person","@id":"https:\/\/www.karikari.cz\/author\/#Person","name":"","url":"https:\/\/www.karikari.cz\/author\/","identifier":1,"image":{"@type":"ImageObject","@id":"https:\/\/secure.gravatar.com\/avatar\/55e7fbc61e9322b6822dac9bb7a03f27da3135fab89e5bb0463eeaffc32ea652?s=96&d=mm&r=g","url":"https:\/\/secure.gravatar.com\/avatar\/55e7fbc61e9322b6822dac9bb7a03f27da3135fab89e5bb0463eeaffc32ea652?s=96&d=mm&r=g","height":96,"width":96}},"publisher":{"@type":"Organization","name":"karikari.cz","logo":{"@type":"ImageObject","@id":"\/logo.png","url":"\/logo.png","width":600,"height":60}},"url":"https:\/\/www.karikari.cz\/dejte-stop-slunci\/","wordCount":241,"articleBody":"Nem\u00e1te r\u00e1di ten nep\u0159\u00edjemn\u00fd pocit, kdy\u017e jste v podve\u010der osln\u011bni sluncem? Cht\u011bli byste tento probl\u00e9m vy\u0159e\u0161it a tak r\u00e1di podstoup\u00edte n\u011bjakou investici? Ka\u017ed\u00fd, kdo m\u00e1 n\u011bjak\u00fd v\u016fz, by jist\u011b cht\u011bl, aby jeho auto bylo to nejlep\u0161\u00ed. Ka\u017ed\u00fd si to v nyn\u011bj\u0161\u00ed dob\u011b m\u016f\u017ee za\u0159\u00eddit, a to d\u00edky skv\u011bl\u00fdm foli\u00edm na skla Brno, kter\u00e9 za\u0159\u00edd\u00ed jedine\u010dn\u00fd pocit bezpe\u010dnosti a komfortu. Nebude to jen pocit, ale bude to skv\u011bl\u00e1 skute\u010dnost, kdy v\u00e1m do interi\u00e9ru nebude p\u00e1lit celodenn\u00ed slunce, ale tak\u00e9 v\u00e1m tam nebude proudit \u017e\u00e1dn\u00e9 UV z\u00e1\u0159en\u00ed, kter\u00e9 je \u0161kodliv\u00e9 pro lidsk\u00e9 zdrav\u00ed. Bu\u010fte chyt\u0159\u00ed V\u011b\u0159te, \u017ee zainvestovat do t\u011bchto skv\u011bl\u00fdch prvk\u016f pro v\u00e1\u0161 v\u016fz se skute\u010dn\u011b vyplat\u00ed. Je to p\u0159\u00edle\u017eitost, kterou byste m\u011bli vyu\u017e\u00edt, kdy\u017e si chcete u\u017e\u00edt skv\u011bl\u00fdch j\u00edzd ve va\u0161em vozidle. M\u016f\u017eete si b\u00fdt jisti, \u017ee pr\u00e1v\u011b tato \u00faprava va\u0161emu vozu prosp\u011bje a to i p\u0159es to, \u017ee je ji\u017e n\u011bjakou tu dobu star\u00e9. Z\u00e1le\u017e\u00ed jen na v\u00e1s, zdali chcete zainvestovat velice chytr\u00fdm zp\u016fsobem do va\u0161eho vozidla, \u010di si budete st\u00e1le st\u011b\u017eovat na nep\u0159\u00edjemn\u00e9 slunce \u010di minimum soukrom\u00ed. Tato \u00faprava vy\u0159e\u0161\u00ed naprosto v\u0161e.                                                                                                                                                                                                                                                                                                                                                                                                "},{"@context":"https:\/\/schema.org\/","@type":"BreadcrumbList","itemListElement":[{"@type":"ListItem","position":1,"name":"Dejte stop slunci","item":"https:\/\/www.karikari.cz\/dejte-stop-slunci\/#breadcrumbitem"}]}]